{"id":3124,"date":"2016-10-10T14:39:19","date_gmt":"2016-10-10T12:39:19","guid":{"rendered":"http:\/\/www.costazzurraresidence.it\/?p=3124"},"modified":"2022-09-02T07:06:20","modified_gmt":"2022-09-02T07:06:20","slug":"percorsi-formativi-in-materia-di-discriminazione-a-grottammare","status":"publish","type":"post","link":"https:\/\/www.costazzurraresidence.it\/de\/percorsi-formativi-in-materia-di-discriminazione-a-grottammare\/","title":{"rendered":"Schulungskurse zum Thema Diskriminierung in Grottammare"},"content":{"rendered":"<p><em><strong>DISKRIMINIERUNG AUFGRUND VON ETHNISCHER ZUGEH\u00d6RIGKEIT, HERKUNFT, NATIONALIT\u00c4T UND RELIGION.<\/strong><\/em><\/p>\n<p><em><strong>PROBLEME UND WEGE DER INTERVENTION IN DEN MARKEN.<\/strong><\/em><\/p>\n<p><strong>Der Ausbildungs- und Auffrischungskurs, der sich an die Akteure von Gewerkschaften und Wohlfahrtsverb\u00e4nden, \u00f6ffentlichen Einrichtungen und des dritten Sektors richtet, beginnt; Ziel ist es, die Instrumente f\u00fcr eine korrekte Information zu finden, diskriminierendes Verhalten zu erkennen und den Opfern von Diskriminierung Unterst\u00fctzung zu bieten. Das Projekt wird auch die M\u00f6glichkeit bieten, neue \"Knotenpunkte\" auszubilden und die Erfahrungen der bestehenden Knotenpunkte zu erweitern.<\/strong><\/p>\n<p>Die <a href=\"http:\/\/www.comune.grottammare.ap.it\/schedaevento.php?id=928\">Gemeinde Grottammare<\/a> beteiligt sich an dieser Initiative des Garanten der Rechte und des Interfakult\u00e4ren Zentrums f\u00fcr angewandte transkulturelle Forschung der Universit\u00e4t Urbino.<\/p>\n<p>Die Sitzungen finden statt im\u00a0<em>Rathaus:<\/em><\/p>\n<p>Samstag, 8. Oktober von 9 bis 13 Uhr.<\/p>\n<p>Freitag, 14. Oktober von 14.30 bis 18.30 Uhr<\/p>\n<p>Samstag, 15. Oktober von 9 bis 13 Uhr.<\/p>\n<p>Freitag, 21. Oktober von 14.30 bis 18.30 Uhr<\/p>\n<p><strong>Im Mittelpunkt der Aufmerksamkeit<\/strong> die gro\u00dfen Themen Arbeit, Einwanderung, Gesundheit, unter besonderer Ber\u00fccksichtigung der regionalen Gegebenheiten.<\/p>","protected":false},"excerpt":{"rendered":"<p>LA DISCRIMINAZIONE PER MOTIVI DI ETNIA, ORIGINE, NAZIONALITA\u2019 E RELIGIONE. PROBLEMI E PERCORSI DI INTERVENTO NELLE MARCHE. Inizia il percorso di formazione e aggiornamento\u00a0rivolto a operatori di sindacati e patronati, enti pubblici e terzo settore; l\u2019obiettivo \u00e8 quello di trovare gli strumenti per una corretta informazione, per individuare i comportamenti discriminatori e fornire sostegno alle [&hellip;]<\/p>\n","protected":false},"author":2,"featured_media":3125,"comment_status":"closed","ping_status":"closed","sticky":false,"template":"","format":"standard","meta":{"site-sidebar-layout":"default","site-content-layout":"","ast-site-content-layout":"default","site-content-style":"default","site-sidebar-style":"default","ast-global-header-display":"","ast-banner-title-visibility":"","ast-main-header-display":"","ast-hfb-above-header-display":"","ast-hfb-below-header-display":"","ast-hfb-mobile-header-display":"","site-post-title":"","ast-breadcrumbs-content":"","ast-featured-img":"","footer-sml-layout":"","ast-disable-related-posts":"","theme-transparent-header-meta":"","adv-header-id-meta":"","stick-header-meta":"","header-above-stick-meta":"","header-main-stick-meta":"","header-below-stick-meta":"","astra-migrate-meta-layouts":"default","ast-page-background-enabled":"default","ast-page-background-meta":{"desktop":{"background-color":"var(--ast-global-color-4)","background-image":"","background-repeat":"repeat","background-position":"center center","background-size":"auto","background-attachment":"scroll","background-type":"","background-media":"","overlay-type":"","overlay-color":"","overlay-opacity":"","overlay-gradient":""},"tablet":{"background-color":"","background-image":"","background-repeat":"repeat","background-position":"center center","background-size":"auto","background-attachment":"scroll","background-type":"","background-media":"","overlay-type":"","overlay-color":"","overlay-opacity":"","overlay-gradient":""},"mobile":{"background-color":"","background-image":"","background-repeat":"repeat","background-position":"center center","background-size":"auto","background-attachment":"scroll","background-type":"","background-media":"","overlay-type":"","overlay-color":"","overlay-opacity":"","overlay-gradient":""}},"ast-content-background-meta":{"desktop":{"background-color":"var(--ast-global-color-5)","background-image":"","background-repeat":"repeat","background-position":"center center","background-size":"auto","background-attachment":"scroll","background-type":"","background-media":"","overlay-type":"","overlay-color":"","overlay-opacity":"","overlay-gradient":""},"tablet":{"background-color":"var(--ast-global-color-5)","background-image":"","background-repeat":"repeat","background-position":"center center","background-size":"auto","background-attachment":"scroll","background-type":"","background-media":"","overlay-type":"","overlay-color":"","overlay-opacity":"","overlay-gradient":""},"mobile":{"background-color":"var(--ast-global-color-5)","background-image":"","background-repeat":"repeat","background-position":"center center","background-size":"auto","background-attachment":"scroll","background-type":"","background-media":"","overlay-type":"","overlay-color":"","overlay-opacity":"","overlay-gradient":""}},"wds_primary_category":0,"footnotes":""},"categories":[9],"tags":[],"class_list":["post-3124","post","type-post","status-publish","format-standard","has-post-thumbnail","hentry","category-eventi"],"_links":{"self":[{"href":"https:\/\/www.costazzurraresidence.it\/de\/wp-json\/wp\/v2\/posts\/3124","targetHints":{"allow":["GET"]}}],"collection":[{"href":"https:\/\/www.costazzurraresidence.it\/de\/wp-json\/wp\/v2\/posts"}],"about":[{"href":"https:\/\/www.costazzurraresidence.it\/de\/wp-json\/wp\/v2\/types\/post"}],"author":[{"embeddable":true,"href":"https:\/\/www.costazzurraresidence.it\/de\/wp-json\/wp\/v2\/users\/2"}],"replies":[{"embeddable":true,"href":"https:\/\/www.costazzurraresidence.it\/de\/wp-json\/wp\/v2\/comments?post=3124"}],"version-history":[{"count":0,"href":"https:\/\/www.costazzurraresidence.it\/de\/wp-json\/wp\/v2\/posts\/3124\/revisions"}],"wp:featuredmedia":[{"embeddable":true,"href":"https:\/\/www.costazzurraresidence.it\/de\/wp-json\/wp\/v2\/media\/3125"}],"wp:attachment":[{"href":"https:\/\/www.costazzurraresidence.it\/de\/wp-json\/wp\/v2\/media?parent=3124"}],"wp:term":[{"taxonomy":"category","embeddable":true,"href":"https:\/\/www.costazzurraresidence.it\/de\/wp-json\/wp\/v2\/categories?post=3124"},{"taxonomy":"post_tag","embeddable":true,"href":"https:\/\/www.costazzurraresidence.it\/de\/wp-json\/wp\/v2\/tags?post=3124"}],"curies":[{"name":"wp","href":"https:\/\/api.w.org\/{rel}","templated":true}]}}