{"id":4110,"date":"2018-10-11T09:53:01","date_gmt":"2018-10-11T07:53:01","guid":{"rendered":"https:\/\/www.costazzurraresidence.it\/?p=4110"},"modified":"2022-09-02T07:04:24","modified_gmt":"2022-09-02T07:04:24","slug":"marche-trail-12-13-14-ottobre-prima-edizione-di-unsupported-bike-adventure-nella-regione","status":"publish","type":"post","link":"https:\/\/www.costazzurraresidence.it\/de\/marche-trail-12-13-14-ottobre-prima-edizione-di-unsupported-bike-adventure-nella-regione\/","title":{"rendered":"Marche Trail: 12-13 14. Oktober erste Ausgabe des \"Unsupported Bike Adventure\" in der Region"},"content":{"rendered":"<h3>Eine 390 km lange Reise in v\u00f6lliger Autarkie, mit dem eigenen Fahrrad.<\/h3>\n<p>Wir sind fast am Ziel! Der n\u00e4chste 12. Oktober wird beginnen\u00a0<a href=\"https:\/\/www.facebook.com\/marchetrailbikeadventure\/?__tn__=K-R&amp;eid=ARCVt8pIGVmdRzSEAIw6UXfApTjF4lbBcMRdrJEAd-biamD2l-ofyi5WxFZf38C4-91GojcTyoUPlLoF&amp;fref=mentions&amp;__xts__%5B0%5D=68.ARBcpV5QZ5_P0qGosS3lDmMiDY6vF_vgFdVMqQfMoeqAZq1bxTHQhBFHrjLuTZmuqBMQZPGcT6yLtOMX8rcC5ZOjFtPHGAbhE-rDh86WsHLes4sosd9t76trJlzWY-ogeeSTJOpc-3gwcDD4bP-qgdCZp6TNTq0oWcgy-ORrkbZN19X8kG-lCQ\" data-hovercard=\"\/ajax\/hovercard\/page.php?id=228183741299883&amp;extragetparams=%7B%22__tn__%22%3A%22%2CdK-R-R%22%2C%22eid%22%3A%22ARCVt8pIGVmdRzSEAIw6UXfApTjF4lbBcMRdrJEAd-biamD2l-ofyi5WxFZf38C4-91GojcTyoUPlLoF%22%2C%22fref%22%3A%22mentions%22%7D\" data-hovercard-prefer-more-content-show=\"1\" data-attributes=\"eyJvcGVuX2xpbmsiOmZhbHNlLCJ1dG1fY2FtcGFpZ24iOiI\/c1x1MDAwNTlScD9cdTAwMWFcdTAyYTIifQ==\">Marschroute<\/a>\u00a0die erste Fahrradtour in der\u00a0<a href=\"https:\/\/www.facebook.com\/hashtag\/marche?source=feed_text&amp;__xts__%5B0%5D=68.ARBcpV5QZ5_P0qGosS3lDmMiDY6vF_vgFdVMqQfMoeqAZq1bxTHQhBFHrjLuTZmuqBMQZPGcT6yLtOMX8rcC5ZOjFtPHGAbhE-rDh86WsHLes4sosd9t76trJlzWY-ogeeSTJOpc-3gwcDD4bP-qgdCZp6TNTq0oWcgy-ORrkbZN19X8kG-lCQ&amp;__tn__=%2ANK-R\" data-ft=\"{&quot;type&quot;:104,&quot;tn&quot;:&quot;*N&quot;}\" data-attributes=\"eyJvcGVuX2xpbmsiOmZhbHNlLCJ1dG1fY2FtcGFpZ24iOiI\/Pz8\/KHFcdTAwMWVcXD95In0=\"><span aria-label=\"Hashtag\">#<\/span>Marken<\/a>.<br \/>\nEs handelt sich um die erste Ausgabe von<a href=\"https:\/\/www.facebook.com\/hashtag\/unsupportedbikeadventure?source=feed_text&amp;__xts__%5B0%5D=68.ARBcpV5QZ5_P0qGosS3lDmMiDY6vF_vgFdVMqQfMoeqAZq1bxTHQhBFHrjLuTZmuqBMQZPGcT6yLtOMX8rcC5ZOjFtPHGAbhE-rDh86WsHLes4sosd9t76trJlzWY-ogeeSTJOpc-3gwcDD4bP-qgdCZp6TNTq0oWcgy-ORrkbZN19X8kG-lCQ&amp;__tn__=%2ANK-R\" data-ft=\"{&quot;type&quot;:104,&quot;tn&quot;:&quot;*N&quot;}\" data-attributes=\"eyJvcGVuX2xpbmsiOmZhbHNlLCJ1dG1fY2FtcGFpZ24iOiJcdTAwMGI+P1x1MDAxZFx1NWZmZj8\/LCJ9\"><span aria-label=\"Hashtag\">#<\/span>Ungest\u00fctztesFahrradAbenteuer<\/a>\"in der Region Marche.<br \/>\nEine 390 km lange Reise in v\u00f6lliger Autarkie, mit dem eigenen Fahrrad. Die 150 Teilnehmer aus 5 europ\u00e4ischen L\u00e4ndern werden die ersten sein, die ein neues Kapitel des Radtourismus in den Marken aufschlagen. Es handelt sich nicht um ein Rennen, sondern um eine Herausforderung an sich selbst, um Geselligkeit, um das Teilen der eigenen Reise, um Freundschaft. Eine speziell konzipierte Route, die fast ausschlie\u00dflich abseits der Stra\u00dfen verl\u00e4uft, f\u00fchrt durch die sanften H\u00fcgel der Region Marken, von der\u00a0<a href=\"https:\/\/www.facebook.com\/hashtag\/rivieradelconero?source=feed_text&amp;__xts__%5B0%5D=68.ARBcpV5QZ5_P0qGosS3lDmMiDY6vF_vgFdVMqQfMoeqAZq1bxTHQhBFHrjLuTZmuqBMQZPGcT6yLtOMX8rcC5ZOjFtPHGAbhE-rDh86WsHLes4sosd9t76trJlzWY-ogeeSTJOpc-3gwcDD4bP-qgdCZp6TNTq0oWcgy-ORrkbZN19X8kG-lCQ&amp;__tn__=%2ANK-R\" data-ft=\"{&quot;type&quot;:104,&quot;tn&quot;:&quot;*N&quot;}\" data-attributes=\"eyJvcGVuX2xpbmsiOmZhbHNlLCJ1dG1fY2FtcGFpZ24iOiI\/PytcdTAyYWM+P1YjPyJ9\"><span aria-label=\"Hashtag\">#<\/span>RivieradelConero<\/a>\u00a0unter\u00a0<a href=\"https:\/\/www.facebook.com\/hashtag\/rivieradellepalme?source=feed_text&amp;__xts__%5B0%5D=68.ARBcpV5QZ5_P0qGosS3lDmMiDY6vF_vgFdVMqQfMoeqAZq1bxTHQhBFHrjLuTZmuqBMQZPGcT6yLtOMX8rcC5ZOjFtPHGAbhE-rDh86WsHLes4sosd9t76trJlzWY-ogeeSTJOpc-3gwcDD4bP-qgdCZp6TNTq0oWcgy-ORrkbZN19X8kG-lCQ&amp;__tn__=%2ANK-R\" data-ft=\"{&quot;type&quot;:104,&quot;tn&quot;:&quot;*N&quot;}\" data-attributes=\"eyJvcGVuX2xpbmsiOmZhbHNlLCJ1dG1fY2FtcGFpZ24iOiJEPz8\/Tlx1MDAxMH02P3EifQ==\"><span aria-label=\"Hashtag\">#<\/span>RivieradellePalme<\/a>\u00fcber den Fiastra-See am Fu\u00dfe der Sibillini-Berge<br \/>\nInfozeile\u00a0<a href=\"http:\/\/www.marchetrail.it\/\" target=\"_blank\" rel=\"noopener nofollow\" data-ft=\"{&quot;tn&quot;:&quot;-U&quot;}\" data-attributes=\"eyJvcGVuX2xpbmsiOmZhbHNlLCJ1dG1fY2FtcGFpZ24iOiIxYD95PylcdTAwMTI\/Sj8ifQ==\" data-lynx-mode=\"async\" data-lynx-uri=\"https:\/\/l.facebook.com\/l.php?u=http%3A%2F%2Fwww.marchetrail.it%2F&amp;h=AT3MX7Jll7l43AYGlTQKF5gBIpMecfyH3RcgrkqkGsiCmHbnfTPfj-hF3OG2KIiHOIsj0tjU5WgECFIULrVngOKJ1J3W8frw_C7x32y-iWTR9ey72Zc5K4HgZF2Ir1wy4hOjKhHFNm3ucYM87Fc5vLuVkCYCLIh-zB4vOH8rsX9vzJrQKdkV8A-OUGJvYNOk6EX2K12A-iO_dHIL5es5fkFBzT7UYLS4a3O1X6FZZvu5PT_PogAH82UuS3k-ZtV5OhQ-Qp1S5EakBlf4uvFRzFOz-CuOQKWeHmdUaUSehAzJZr1UGA_-AcDpkcr_hceLip8wXVlzF5NlwreVq7zwWefO_ZhkqHNBm0D_aZaUjxK_u45axnNHSxjxBaZsMTxjLCgQvqS9URHuiAYuMG_f_pRVmbGNppM\">www.marchetrail.it<\/a><\/p>","protected":false},"excerpt":{"rendered":"<p>Un viaggio di 390 km in totale autosufficienza, con la propria bicicletta. Ci siamo quasi!! Il prossimo 12 Ottobre partir\u00e0\u00a0Marche Trail\u00a0il primo viaggio in bicicletta nelle\u00a0#Marche. E&#8217; La prima edizione di \u201c#UnsupportedBikeAdventure\u201d nella Regione Marche. Un viaggio di 390 km in totale autosufficienza, con la propria bicicletta. Sono 150 i partecipanti provenienti da 5 nazioni [&hellip;]<\/p>\n","protected":false},"author":2,"featured_media":4111,"comment_status":"closed","ping_status":"closed","sticky":false,"template":"","format":"standard","meta":{"site-sidebar-layout":"default","site-content-layout":"","ast-site-content-layout":"default","site-content-style":"default","site-sidebar-style":"default","ast-global-header-display":"","ast-banner-title-visibility":"","ast-main-header-display":"","ast-hfb-above-header-display":"","ast-hfb-below-header-display":"","ast-hfb-mobile-header-display":"","site-post-title":"","ast-breadcrumbs-content":"","ast-featured-img":"","footer-sml-layout":"","ast-disable-related-posts":"","theme-transparent-header-meta":"","adv-header-id-meta":"","stick-header-meta":"","header-above-stick-meta":"","header-main-stick-meta":"","header-below-stick-meta":"","astra-migrate-meta-layouts":"default","ast-page-background-enabled":"default","ast-page-background-meta":{"desktop":{"background-color":"var(--ast-global-color-4)","background-image":"","background-repeat":"repeat","background-position":"center center","background-size":"auto","background-attachment":"scroll","background-type":"","background-media":"","overlay-type":"","overlay-color":"","overlay-opacity":"","overlay-gradient":""},"tablet":{"background-color":"","background-image":"","background-repeat":"repeat","background-position":"center center","background-size":"auto","background-attachment":"scroll","background-type":"","background-media":"","overlay-type":"","overlay-color":"","overlay-opacity":"","overlay-gradient":""},"mobile":{"background-color":"","background-image":"","background-repeat":"repeat","background-position":"center center","background-size":"auto","background-attachment":"scroll","background-type":"","background-media":"","overlay-type":"","overlay-color":"","overlay-opacity":"","overlay-gradient":""}},"ast-content-background-meta":{"desktop":{"background-color":"var(--ast-global-color-5)","background-image":"","background-repeat":"repeat","background-position":"center center","background-size":"auto","background-attachment":"scroll","background-type":"","background-media":"","overlay-type":"","overlay-color":"","overlay-opacity":"","overlay-gradient":""},"tablet":{"background-color":"var(--ast-global-color-5)","background-image":"","background-repeat":"repeat","background-position":"center center","background-size":"auto","background-attachment":"scroll","background-type":"","background-media":"","overlay-type":"","overlay-color":"","overlay-opacity":"","overlay-gradient":""},"mobile":{"background-color":"var(--ast-global-color-5)","background-image":"","background-repeat":"repeat","background-position":"center center","background-size":"auto","background-attachment":"scroll","background-type":"","background-media":"","overlay-type":"","overlay-color":"","overlay-opacity":"","overlay-gradient":""}},"wds_primary_category":0,"footnotes":""},"categories":[9],"tags":[],"class_list":["post-4110","post","type-post","status-publish","format-standard","has-post-thumbnail","hentry","category-eventi"],"_links":{"self":[{"href":"https:\/\/www.costazzurraresidence.it\/de\/wp-json\/wp\/v2\/posts\/4110","targetHints":{"allow":["GET"]}}],"collection":[{"href":"https:\/\/www.costazzurraresidence.it\/de\/wp-json\/wp\/v2\/posts"}],"about":[{"href":"https:\/\/www.costazzurraresidence.it\/de\/wp-json\/wp\/v2\/types\/post"}],"author":[{"embeddable":true,"href":"https:\/\/www.costazzurraresidence.it\/de\/wp-json\/wp\/v2\/users\/2"}],"replies":[{"embeddable":true,"href":"https:\/\/www.costazzurraresidence.it\/de\/wp-json\/wp\/v2\/comments?post=4110"}],"version-history":[{"count":0,"href":"https:\/\/www.costazzurraresidence.it\/de\/wp-json\/wp\/v2\/posts\/4110\/revisions"}],"wp:featuredmedia":[{"embeddable":true,"href":"https:\/\/www.costazzurraresidence.it\/de\/wp-json\/wp\/v2\/media\/4111"}],"wp:attachment":[{"href":"https:\/\/www.costazzurraresidence.it\/de\/wp-json\/wp\/v2\/media?parent=4110"}],"wp:term":[{"taxonomy":"category","embeddable":true,"href":"https:\/\/www.costazzurraresidence.it\/de\/wp-json\/wp\/v2\/categories?post=4110"},{"taxonomy":"post_tag","embeddable":true,"href":"https:\/\/www.costazzurraresidence.it\/de\/wp-json\/wp\/v2\/tags?post=4110"}],"curies":[{"name":"wp","href":"https:\/\/api.w.org\/{rel}","templated":true}]}}