{"id":4905,"date":"2019-05-03T11:41:54","date_gmt":"2019-05-03T09:41:54","guid":{"rendered":"https:\/\/www.costazzurraresidence.it\/?p=4905"},"modified":"2022-09-02T07:04:09","modified_gmt":"2022-09-02T07:04:09","slug":"le-frecce-tricolori-sbarcano-a-san-benedetto-lo-show-previsto-per-l8-e-9-giugno","status":"publish","type":"post","link":"https:\/\/www.costazzurraresidence.it\/de\/le-frecce-tricolori-sbarcano-a-san-benedetto-lo-show-previsto-per-l8-e-9-giugno\/","title":{"rendered":"Die Frecce Tricolori landen in San Benedetto. Die f\u00fcr den 8. und 9. Juni geplante Ausstellung"},"content":{"rendered":"<p>SAN BENEDETTO DEL TRONTO - Nach einem Jahr ist San Benedetto wieder dabei und sollte, wenn es keine sensationellen \u00dcberraschungen gibt, am 8. und 9. Juni Gastgeber der Frecce Tricolori am Himmel \u00fcber der Riviera sein.<\/p>\n<p>\"Das Datum ist vom Generalstab der Luftwaffe best\u00e4tigt\", sagt Luigi Marangoni, Sekret\u00e4r des Aeroclub Picenum von Fermo. Der Verband ist f\u00fcr die Aufrechterhaltung der Beziehungen mit der Luftwaffe f\u00fcr die Auff\u00fchrungen der P.a.n., der Nationalen Kunstflugstaffel, die den meisten als Frecce Tricolori bekannt ist, zust\u00e4ndig.<\/p>\n<p>Die Vereine bewerben sich bis zum 30. September f\u00fcr einen Termin im vollen Arrows-Kalender. Urspr\u00fcnglich sollte die Veranstaltung am 4. August an der Riviera stattfinden. Zu dieser Zeit befindet sich P.a.n. jedoch auf einer Auslandstournee durch das Vereinigte K\u00f6nigreich, die Slowakei und Litauen. Daher die Entscheidung, die Sendung zu verlegen.<\/p>\n<p>Es handelt sich also um eine zweit\u00e4gige Veranstaltung. Die Flugzeuge, die auf dem Flughafen von Pescara stationiert sein sollen, werden am 8. Juni f\u00fcr die Generalprobe und am darauffolgenden Tag f\u00fcr die eigentliche Show \u00fcber dem Himmel von San Benedetto unterwegs sein. Eine Gesamt\u00fcbertragung der Veranstaltung durch die RAI ist ebenfalls m\u00f6glich; in diesem Sinne gibt es bereits Kontakte.<\/p>","protected":false},"excerpt":{"rendered":"<p>SAN BENEDETTO DEL TRONTO \u2013 A un anno di distanza San Benedetto ce la fa e, a meno di clamorose sorprese, dovrebbe ospitare lo show delle Frecce Tricolori sui cieli della Riviera l\u20188 e il 9 giugno. \u201cLa data \u00e8 confermata dallo stato maggiore dell\u2019Aeronautica\u201d ci dice il segretario dell\u2019Aeroclub Picenum di Fermo Luigi Marangoni. [&hellip;]<\/p>\n","protected":false},"author":2,"featured_media":4906,"comment_status":"closed","ping_status":"closed","sticky":false,"template":"","format":"standard","meta":{"site-sidebar-layout":"default","site-content-layout":"","ast-site-content-layout":"default","site-content-style":"default","site-sidebar-style":"default","ast-global-header-display":"","ast-banner-title-visibility":"","ast-main-header-display":"","ast-hfb-above-header-display":"","ast-hfb-below-header-display":"","ast-hfb-mobile-header-display":"","site-post-title":"","ast-breadcrumbs-content":"","ast-featured-img":"","footer-sml-layout":"","ast-disable-related-posts":"","theme-transparent-header-meta":"","adv-header-id-meta":"","stick-header-meta":"","header-above-stick-meta":"","header-main-stick-meta":"","header-below-stick-meta":"","astra-migrate-meta-layouts":"default","ast-page-background-enabled":"default","ast-page-background-meta":{"desktop":{"background-color":"var(--ast-global-color-4)","background-image":"","background-repeat":"repeat","background-position":"center center","background-size":"auto","background-attachment":"scroll","background-type":"","background-media":"","overlay-type":"","overlay-color":"","overlay-opacity":"","overlay-gradient":""},"tablet":{"background-color":"","background-image":"","background-repeat":"repeat","background-position":"center center","background-size":"auto","background-attachment":"scroll","background-type":"","background-media":"","overlay-type":"","overlay-color":"","overlay-opacity":"","overlay-gradient":""},"mobile":{"background-color":"","background-image":"","background-repeat":"repeat","background-position":"center center","background-size":"auto","background-attachment":"scroll","background-type":"","background-media":"","overlay-type":"","overlay-color":"","overlay-opacity":"","overlay-gradient":""}},"ast-content-background-meta":{"desktop":{"background-color":"var(--ast-global-color-5)","background-image":"","background-repeat":"repeat","background-position":"center center","background-size":"auto","background-attachment":"scroll","background-type":"","background-media":"","overlay-type":"","overlay-color":"","overlay-opacity":"","overlay-gradient":""},"tablet":{"background-color":"var(--ast-global-color-5)","background-image":"","background-repeat":"repeat","background-position":"center center","background-size":"auto","background-attachment":"scroll","background-type":"","background-media":"","overlay-type":"","overlay-color":"","overlay-opacity":"","overlay-gradient":""},"mobile":{"background-color":"var(--ast-global-color-5)","background-image":"","background-repeat":"repeat","background-position":"center center","background-size":"auto","background-attachment":"scroll","background-type":"","background-media":"","overlay-type":"","overlay-color":"","overlay-opacity":"","overlay-gradient":""}},"wds_primary_category":0,"footnotes":""},"categories":[113],"tags":[],"class_list":["post-4905","post","type-post","status-publish","format-standard","has-post-thumbnail","hentry","category-news"],"_links":{"self":[{"href":"https:\/\/www.costazzurraresidence.it\/de\/wp-json\/wp\/v2\/posts\/4905","targetHints":{"allow":["GET"]}}],"collection":[{"href":"https:\/\/www.costazzurraresidence.it\/de\/wp-json\/wp\/v2\/posts"}],"about":[{"href":"https:\/\/www.costazzurraresidence.it\/de\/wp-json\/wp\/v2\/types\/post"}],"author":[{"embeddable":true,"href":"https:\/\/www.costazzurraresidence.it\/de\/wp-json\/wp\/v2\/users\/2"}],"replies":[{"embeddable":true,"href":"https:\/\/www.costazzurraresidence.it\/de\/wp-json\/wp\/v2\/comments?post=4905"}],"version-history":[{"count":0,"href":"https:\/\/www.costazzurraresidence.it\/de\/wp-json\/wp\/v2\/posts\/4905\/revisions"}],"wp:featuredmedia":[{"embeddable":true,"href":"https:\/\/www.costazzurraresidence.it\/de\/wp-json\/wp\/v2\/media\/4906"}],"wp:attachment":[{"href":"https:\/\/www.costazzurraresidence.it\/de\/wp-json\/wp\/v2\/media?parent=4905"}],"wp:term":[{"taxonomy":"category","embeddable":true,"href":"https:\/\/www.costazzurraresidence.it\/de\/wp-json\/wp\/v2\/categories?post=4905"},{"taxonomy":"post_tag","embeddable":true,"href":"https:\/\/www.costazzurraresidence.it\/de\/wp-json\/wp\/v2\/tags?post=4905"}],"curies":[{"name":"wp","href":"https:\/\/api.w.org\/{rel}","templated":true}]}}